{"id":3506,"date":"2020-08-11T13:06:52","date_gmt":"2020-08-11T11:06:52","guid":{"rendered":"https:\/\/www.magbiocosmetici.com\/?p=3506"},"modified":"2020-08-12T12:56:15","modified_gmt":"2020-08-12T10:56:15","slug":"estratto-di-bardana-tutte-le-proprieta","status":"publish","type":"post","link":"https:\/\/www.magbiocosmetici.com\/en\/materie-prime\/estratto-di-bardana-tutte-le-proprieta\/","title":{"rendered":"Estratto di bardana: tutte le propriet\u00e0"},"content":{"rendered":"<div>\n<p><strong>Cos&#8217;\u00e8&#8217;<\/strong><br \/>\nLa bardana (Arctium lappa) \u00e8 una pianta appartenente alla famiglia delle Asteraceae. Ha una predisposizione naturale alla crescita spontanea e in Italia \u00e8 diffusa un po&#8217; in tutta la penisola.<\/p>\n<p><strong>Propriet\u00e0<\/strong><br \/>\n\u00c8 una pianta molto utilizzata in fitoterapia per le propriet\u00e0 diuretiche e diaforetiche. \u00c8 in grado di ridurre gli edemi e la formazione di ristagni ed eliminare le tossine attraverso i pori della pelle, grazie alla presenza di inulina, che ha effetto positivo anche sul transito intestinale e sulla flora batterica.<br \/>\nLe parti della bardana utilizzate a scopo erboristico e alimentare sono le radici e le foglie.<\/p>\n<p><strong>Uso cosmetico<\/strong><br \/>\nIn campo cosmetico viene utilizzata soprattutto in prodotti per pelle grassa, acneica, asfittica e con punti neri, sia per le sue propriet\u00e0 anti-infiammatorie sia per il suo effetto drenante e purificante a livello cutaneo.<br \/>\nLa bardana \u00e8 inoltre molto utilizzata in preparati per ridurre stati di dermatite seborroica e forfora del cuoio capelluto.<\/p>\n<p>Nei prodotti MAGBIO ritroviamo l&#8217;estratto di Bardana nella <a href=\"https:\/\/www.magbiocosmetici.com\/prodotto\/crema-viso-al-cetriolo-e-tea-tree-oil-per-pelle-impura\/\">Crema viso al cetriolo e tea tree oil per pelle impura<\/a><\/p>\n<\/div>\n","protected":false},"excerpt":{"rendered":"<p>Cos&#8217;\u00e8&#8217; La bardana (Arctium lappa) \u00e8 una pianta appartenente alla famiglia delle Asteraceae. Ha una predisposizione naturale alla crescita spontanea e in Italia \u00e8 diffusa un po&#8217; in tutta la penisola. Propriet\u00e0 \u00c8 una pianta molto utilizzata in fitoterapia per le propriet\u00e0 diuretiche e diaforetiche&#8230;.<\/p>\n","protected":false},"author":4,"featured_media":3507,"comment_status":"open","ping_status":"open","sticky":false,"template":"","format":"standard","meta":{"_jetpack_newsletter_access":"","_jetpack_dont_email_post_to_subs":false,"_jetpack_newsletter_tier_id":0,"_jetpack_memberships_contains_paywalled_content":false,"_jetpack_feature_clip_id":0,"_jetpack_memberships_contains_paid_content":false,"footnotes":"","jetpack_post_was_ever_published":false},"categories":[47],"tags":[73,64,72],"class_list":["post-3506","post","type-post","status-publish","format-standard","has-post-thumbnail","hentry","category-materie-prime","tag-bardana","tag-materie-prime","tag-pelle-impura"],"jetpack_sharing_enabled":true,"jetpack_featured_media_url":"https:\/\/www.magbiocosmetici.com\/wp-content\/uploads\/2020\/08\/bardana-fb.jpg","_links":{"self":[{"href":"https:\/\/www.magbiocosmetici.com\/en\/wp-json\/wp\/v2\/posts\/3506","targetHints":{"allow":["GET"]}}],"collection":[{"href":"https:\/\/www.magbiocosmetici.com\/en\/wp-json\/wp\/v2\/posts"}],"about":[{"href":"https:\/\/www.magbiocosmetici.com\/en\/wp-json\/wp\/v2\/types\/post"}],"author":[{"embeddable":true,"href":"https:\/\/www.magbiocosmetici.com\/en\/wp-json\/wp\/v2\/users\/4"}],"replies":[{"embeddable":true,"href":"https:\/\/www.magbiocosmetici.com\/en\/wp-json\/wp\/v2\/comments?post=3506"}],"version-history":[{"count":0,"href":"https:\/\/www.magbiocosmetici.com\/en\/wp-json\/wp\/v2\/posts\/3506\/revisions"}],"wp:featuredmedia":[{"embeddable":true,"href":"https:\/\/www.magbiocosmetici.com\/en\/wp-json\/wp\/v2\/media\/3507"}],"wp:attachment":[{"href":"https:\/\/www.magbiocosmetici.com\/en\/wp-json\/wp\/v2\/media?parent=3506"}],"wp:term":[{"taxonomy":"category","embeddable":true,"href":"https:\/\/www.magbiocosmetici.com\/en\/wp-json\/wp\/v2\/categories?post=3506"},{"taxonomy":"post_tag","embeddable":true,"href":"https:\/\/www.magbiocosmetici.com\/en\/wp-json\/wp\/v2\/tags?post=3506"}],"curies":[{"name":"wp","href":"https:\/\/api.w.org\/{rel}","templated":true}]}}