{"id":1968,"date":"2020-01-30T11:49:27","date_gmt":"2020-01-30T10:49:27","guid":{"rendered":"https:\/\/www.magbiocosmetici.com\/?p=1968"},"modified":"2020-02-14T11:13:01","modified_gmt":"2020-02-14T10:13:01","slug":"malva-benefici-e-proprieta-cosmetiche","status":"publish","type":"post","link":"https:\/\/www.magbiocosmetici.com\/en\/materie-prime\/malva-benefici-e-proprieta-cosmetiche\/","title":{"rendered":"Malva: benefici e propriet\u00e0 cosmetiche"},"content":{"rendered":"<div><b>Cos&#8217;\u00e8<\/b><\/div>\n<div class=\"\">\n<div id=\":1ep\" class=\"ii gt\">\n<div id=\":1eo\" class=\"a3s aXjCH \">\n<div dir=\"ltr\">\n<div>\n<div>La\u00a0<b>malva<\/b>\u00a0(<i>Malva sylvestris<\/i>) \u00e8 una pianta appartenente alla famiglia delle\u00a0<i>Malvaceae<\/i>\u00a0che cresce soprattutto nei terreni incolti, fertili ed idratati e con un clima temperato tipico del bacino Mediterraneo. Le parti utilizzate sono le radici, le foglie ed i fiori.<\/div>\n<\/div>\n<\/div>\n<div><\/div>\n<div dir=\"ltr\">\n<div>\n<div><b>Propriet\u00e0<\/b><\/div>\n<div>I fiori e in particolare le foglie della malva sono ricche di<b> mucillagini,<\/b> che conferiscono alla pianta propriet\u00e0 <b>emollienti<\/b>\u00a0e\u00a0<b>antinfiammatorie<\/b>.\u00a0Questi principi attivi la rendono adatta a curare le infiammazioni delle prime vie aeree e dello stomaco grazie alla capacit\u00e0 di rivestire le mucose con uno strato protettivo e lenitivo. \u00c8 quindi un rimedio naturale molto utilizzato soprattutto sotto forma di infuso, tisana o decotto.<\/div>\n<\/div>\n<\/div>\n<\/div>\n<\/div>\n<div><\/div>\n<div id=\":1ep\" class=\"ii gt\">\n<div id=\":1eo\" class=\"a3s aXjCH \">\n<div dir=\"ltr\">\n<div>\n<div><b>Uso cosmetico<\/b><\/div>\n<div>La malva pu\u00f2 essere utilizzata anche in ambito cosmetico in prodotti per uso topico come sieri e creme. Essa ha infatti propriet\u00e0 benefiche per pelle e capelli. \u00c8 particolarmente indicata in prodotti per pelle secca ed irritata, grazie alle sue propriet\u00e0 filmanti, lenitive e emollienti. Protegge la pelle dalle irritazioni del freddo e del vento. Riduce irritazione, prurito e perdita di acqua. Ha anche propriet\u00e0 antiossidanti ed aumenta l&#8217;elasticit\u00e0 della pelle rendendo adatto il suo uso anche in prodotti per pelle matura.<\/div>\n<div>Nei prodotti cosmetici \u00e8 possibile individuare la malva in INCI come\u00a0<i>Malva Sylvestris Leaf Extract.<\/i><\/div>\n<div><\/div>\n<div>Nei prodotti MAGBIO cosmetici naturali \u00e8 presente nella <a href=\"https:\/\/www.magbiocosmetici.com\/prodotto\/crema-idratante-viso-alla-malva-e-vitamina-f-per-pelle-secca\/\">Crema viso alla malva e vitamina F per pelle secca.<\/a><\/div>\n<\/div>\n<\/div>\n<\/div>\n<\/div>\n<\/div>\n","protected":false},"excerpt":{"rendered":"<p>Cos&#8217;\u00e8 La\u00a0malva\u00a0(Malva sylvestris) \u00e8 una pianta appartenente alla famiglia delle\u00a0Malvaceae\u00a0che cresce soprattutto nei terreni incolti, fertili ed idratati e con un clima temperato tipico del bacino Mediterraneo. Le parti utilizzate sono le radici, le foglie ed i fiori. Propriet\u00e0 I fiori e in particolare le&#8230;<\/p>\n","protected":false},"author":4,"featured_media":1969,"comment_status":"open","ping_status":"open","sticky":false,"template":"","format":"standard","meta":{"_jetpack_newsletter_access":"","_jetpack_dont_email_post_to_subs":false,"_jetpack_newsletter_tier_id":0,"_jetpack_memberships_contains_paywalled_content":false,"_jetpack_feature_clip_id":0,"_jetpack_memberships_contains_paid_content":false,"footnotes":"","jetpack_post_was_ever_published":false},"categories":[47],"tags":[62,64,63],"class_list":["post-1968","post","type-post","status-publish","format-standard","has-post-thumbnail","hentry","category-materie-prime","tag-malva","tag-materie-prime","tag-pelle-secca"],"jetpack_sharing_enabled":true,"jetpack_featured_media_url":"https:\/\/www.magbiocosmetici.com\/wp-content\/uploads\/2020\/01\/post-KREABIO-malva-fb.jpg","_links":{"self":[{"href":"https:\/\/www.magbiocosmetici.com\/en\/wp-json\/wp\/v2\/posts\/1968","targetHints":{"allow":["GET"]}}],"collection":[{"href":"https:\/\/www.magbiocosmetici.com\/en\/wp-json\/wp\/v2\/posts"}],"about":[{"href":"https:\/\/www.magbiocosmetici.com\/en\/wp-json\/wp\/v2\/types\/post"}],"author":[{"embeddable":true,"href":"https:\/\/www.magbiocosmetici.com\/en\/wp-json\/wp\/v2\/users\/4"}],"replies":[{"embeddable":true,"href":"https:\/\/www.magbiocosmetici.com\/en\/wp-json\/wp\/v2\/comments?post=1968"}],"version-history":[{"count":0,"href":"https:\/\/www.magbiocosmetici.com\/en\/wp-json\/wp\/v2\/posts\/1968\/revisions"}],"wp:featuredmedia":[{"embeddable":true,"href":"https:\/\/www.magbiocosmetici.com\/en\/wp-json\/wp\/v2\/media\/1969"}],"wp:attachment":[{"href":"https:\/\/www.magbiocosmetici.com\/en\/wp-json\/wp\/v2\/media?parent=1968"}],"wp:term":[{"taxonomy":"category","embeddable":true,"href":"https:\/\/www.magbiocosmetici.com\/en\/wp-json\/wp\/v2\/categories?post=1968"},{"taxonomy":"post_tag","embeddable":true,"href":"https:\/\/www.magbiocosmetici.com\/en\/wp-json\/wp\/v2\/tags?post=1968"}],"curies":[{"name":"wp","href":"https:\/\/api.w.org\/{rel}","templated":true}]}}